{"id":4418,"date":"2022-01-27T17:58:13","date_gmt":"2022-01-27T14:58:13","guid":{"rendered":"https:\/\/www.canaydin.av.tr\/?p=4418"},"modified":"2023-06-15T10:23:22","modified_gmt":"2023-06-15T07:23:22","slug":"malta-global-residency-program","status":"publish","type":"post","link":"https:\/\/www.canaydin.av.tr\/tr\/malta-global-residency-program\/","title":{"rendered":"MALTA K\u00dcRESEL \u0130KAMET PROGRAMI"},"content":{"rendered":"<div class=\"bt_bb_wrapper\"><p>Malta K\u00fcresel \u0130kamet Program\u0131, a\u011f\u0131rl\u0131kl\u0131 olarak vergiye dayal\u0131 olan ve \u00fc\u00e7\u00fcnc\u00fc \u00fclke vatanda\u015flar\u0131n\u0131n yat\u0131r\u0131m\u0131n\u0131 \u00e7ekmek i\u00e7in tasarlanm\u0131\u015f bir ikamet program\u0131d\u0131r. Ba\u015fvuru sahibi Malta K\u00fcresel \u0130kamet Program\u0131 kurallar\u0131 kapsam\u0131nda onayland\u0131\u011f\u0131nda, ba\u015fvuru sahibi Malta Yurt \u0130\u00e7i Gelir Departman\u0131ndan bir onay sertifikas\u0131 alacakt\u0131r. Bu sertifika, ba\u015fvuru sahibine ve bakmakla y\u00fck\u00fcml\u00fc oldu\u011fu ki\u015filere Malta'da oturma izni ba\u015fvurusunda bulunma hakk\u0131 verir, bu da aileye yaln\u0131zca Malta'da ikamet etmekle kalmay\u0131p, Schengen vizesine ba\u015fvurmaya gerek kalmadan Shengen b\u00f6lgesinde seyahat etme hakk\u0131 verir.<\/p>\n<p>&nbsp;<\/p>\n<p><strong>MALTA \u0130KAMET PROGRAMI KAPSAMINDA BA\u015eVURMAYA UYGUNLUK<\/strong><\/p>\n<p>Bir ki\u015fi, a\u015fa\u011f\u0131daki \u015fartlar\u0131n t\u00fcm\u00fcn\u00fc yerine getiriyorsa, K\u00fcresel \u0130kamet Program\u0131 kapsam\u0131nda Malta'da oturma izni ba\u015fvurusunda bulunmaya hak kazanacakt\u0131r:<\/p>\n<p>Ba\u015fvuru sahibi y\u0131lda en az 9.600 \u20ac kar\u015f\u0131l\u0131\u011f\u0131nda Malta'da bir ta\u015f\u0131nmaz m\u00fclk kiralamal\u0131 (veya Gozo'da veya Malta'n\u0131n g\u00fcneyinde bir ta\u015f\u0131nmaz m\u00fclk\u00fc y\u0131lda 8.750 \u20ac'dan az olmamak \u00fczere kiralamal\u0131) veya Malta'da 275.000 \u20ac'dan az olmayacak \u015fekilde bir ta\u015f\u0131nmaz m\u00fclk sat\u0131n almal\u0131d\u0131r. (Gozo ve Malta'n\u0131n g\u00fcneyindeki m\u00fclkler i\u00e7in indirim uygulan\u0131r)<\/p>\n<p>Ba\u015fvuru sahibi, Avrupa Birli\u011fi genelindeki t\u00fcm riskler a\u00e7\u0131s\u0131ndan kendisini ve bakmakla y\u00fck\u00fcml\u00fc oldu\u011fu ki\u015fileri kapsayan bir sa\u011fl\u0131k sigortas\u0131 poli\u00e7esine sahip olmal\u0131d\u0131r;<\/p>\n<p>\u00d6zel vergi stat\u00fcs\u00fc verilmeden \u00f6nce Malta Uluslararas\u0131 Vergi Dairesi taraf\u0131ndan uluslararas\u0131 bir durum tespiti \u00e7al\u0131\u015fmas\u0131 y\u00fcr\u00fct\u00fclecektir. Bu \u00e7al\u0131\u015fmaya g\u00f6re ba\u015fvuru sahibi uygun bir ki\u015fi olarak kabul edilmelidir.<\/p>\n<p>Ba\u015fvuru sahibi \u0130ngilizce ve Maltacay\u0131 ak\u0131c\u0131 bir \u015fekilde konu\u015fmal\u0131d\u0131r.<\/p>\n<p>Ba\u015fvuruyu g\u00f6nderdikten sonra ba\u015fvuru sahibi taraf\u0131ndan bir kereye mahsus olmak \u00fczere 6,000 \u20ac tutar\u0131nda iade edilmeyen bir \u00fccret devlet katk\u0131 pay\u0131 olarak \u00f6denmelidir. (Gozo'da veya Malta'n\u0131n g\u00fcneyinde sat\u0131n alan veya kiralayan ba\u015fvuru sahipleri i\u00e7in bir indirim uygulan\u0131r)<\/p>\n<p>Ba\u015fvuru sahibi y\u0131lda minimum 15.000 Euro vergi \u00f6demelidir.<\/p>\n<p>Ba\u015fvuru sahibi, bir takvim y\u0131l\u0131nda en az 183 g\u00fcn s\u00fcreyle ba\u015fka bir yarg\u0131 b\u00f6lgesinde ikamet etmemelidir.<\/p>\n<p>Bu program 1 y\u0131ll\u0131k olup s\u00fcresinin dolmas\u0131n\u0131 \u00f6nlemek ad\u0131na program\u0131n her y\u0131l yenilenmesi gerekmektedir.  \u0130\u015flem s\u00fcresi yakla\u015f\u0131k 90 g\u00fcnd\u00fcr.<\/p>\n<p>&nbsp;<\/p>\n<p><strong>YILLIK UYUM Y\u00dcK\u00dcML\u00dcL\u00dcKLER\u0130<\/strong><\/p>\n<p>Malta K\u00fcresel \u0130kamet Program\u0131 kapsam\u0131nda \u00f6zel vergi stat\u00fcs\u00fc verilen herhangi bir ki\u015fi, y\u0131ll\u0131k olarak a\u015fa\u011f\u0131daki y\u00fck\u00fcml\u00fcl\u00fcklere uymal\u0131d\u0131r:<\/p>\n<p>Ta\u015f\u0131nmaz mal varl\u0131\u011f\u0131 muhafaza edilmelidir.<\/p>\n<p>-\tBa\u015fvuru sahibi sa\u011fl\u0131k sigortas\u0131 poli\u00e7esini muhafaza etmelidir.<\/p>\n<p>-Ba\u015fvuru sahibi, 183 g\u00fcnden fazla ba\u015fka bir yarg\u0131 b\u00f6lgesinde ikamet etmemelidir.<\/p>\n<p>-\u00d6zel raporlama y\u00fck\u00fcml\u00fcl\u00fckleri (y\u0131ll\u0131k vergi beyannamesi ile birlikte y\u0131ll\u0131k beyanname verilmesi).<\/p>\n<p>&nbsp;<\/p>\n<p><strong>VERG\u0130 MUAMELES\u0130<\/strong><\/p>\n<p>K\u00fcresel \u0130kamet Program\u0131 bile Malta\u2019ya gelen ba\u015fvurucunun uymas\u0131 gereken baz\u0131 vergi durumlar\u0131 olacakt\u0131r. \u015e\u00f6yle ki;<\/p>\n<p>-\tMalta'ya havale edilen herhangi bir yabanc\u0131 kaynakl\u0131 gelir, s\u00f6z konusu gelir \u00fczerinden \u00e7ifte vergi indirimi talep etme olas\u0131l\u0131\u011f\u0131 ile birlikte 'lik sabit bir oranda vergilendirilecektir;<\/p>\n<p>-\tBa\u015fvuru sahibi her y\u0131l minimum 15.000 \u20ac vergi \u00f6demelidir;<\/p>\n<p>-Bir hak sahibi ve e\u015fi, ayr\u0131 bir vergi hesaplamas\u0131n\u0131 tercih edemezler;<\/p>\n<p>-Malta'ya g\u00f6nderilmeyen yabanc\u0131 kaynakl\u0131 gelir Malta'da vergilendirilmez;<\/p>\n<p>-Malta'da elde edilen gelir, sabit oran\u0131nda vergilendirilecektir.<\/p>\n<p>&nbsp;<\/p>\n<p><strong>MALTA\u2019DA \u00c7ALI\u015eMA VE OTURMA \u0130Z\u0130NLER\u0130<\/strong><\/p>\n<p>&nbsp;<\/p>\n<p><strong>\u00c7ALI\u015eMA \u0130ZN\u0130<\/strong><\/p>\n<p>Bir Avrupa Birli\u011fi \u00dcye Devletinin vatanda\u015f\u0131 olmayan (\u00fc\u00e7\u00fcnc\u00fc \u00fclke vatanda\u015flar\u0131 olarak da bilinir) bir ki\u015finin Malta'da yasal olarak \u00e7al\u0131\u015fabilmesi ve ikamet edebilmesi i\u00e7in \u00e7al\u0131\u015fma iznine sahip olmas\u0131 gerekir. Bu gereklilik, Malta ile ilgili g\u00f6\u00e7menli\u011fin s\u0131n\u0131rlamalar\u0131, kontrol\u00fc ve d\u00fczenlenmesi ile ilgili bir b\u00f6l\u00fcm olan G\u00f6\u00e7menlik Yasas\u0131, Malta Kanunlar\u0131 B\u00f6l\u00fcm 217'den kaynaklanmaktad\u0131r.<\/p>\n<p>\u00dc\u00e7\u00fcnc\u00fc \u00dclke Vatanda\u015flar\u0131n\u0131n Malta'da \u00e7al\u0131\u015fma izninin art\u0131k Tek \u0130zin Ba\u015fvurusu ile y\u00fcr\u00fct\u00fclmektedir. Bu uygulama, Malta'da hem oturmak hem de \u00e7al\u0131\u015fmak isteyen \u00fc\u00e7\u00fcnc\u00fc \u00fclke vatanda\u015flar\u0131na y\u00f6neliktir. \u0130lgili makamlar, genel olarak e-\u0130kamet kart\u0131 olarak adland\u0131r\u0131lan ve b\u00f6ylece bireyin Malta'da hem \u00e7al\u0131\u015fmas\u0131na hem de ikamet etmesine olanak sa\u011flayacak tek bir belge \u00fcretip gelecek olan vatanda\u015flar\u0131n i\u015flerinin kolayla\u015fmas\u0131n\u0131 sa\u011flamaktad\u0131r.<\/p>\n<p>\u00c7al\u0131\u015fma izni, belirli bir i\u015fi yapmak i\u00e7in belirli bir i\u015fverenle birlikte \u00e7al\u0131\u015fan \u00fc\u00e7\u00fcnc\u00fc \u00fclke vatanda\u015flar\u0131 i\u00e7in verilir. Bu nedenle i\u015f\u00e7i, izin belgesini farkl\u0131 bir i\u015fe girmek veya yar\u0131 zamanl\u0131 da olsa farkl\u0131 bir i\u015fveren i\u00e7in \u00e7al\u0131\u015fmak i\u00e7in kullanamaz. \u00c7al\u0131\u015fma izinleri genel olarak en fazla bir y\u0131l s\u00fcreyle verilir.<\/p>\n<p>\u015eu anda, AB\/AEA\/\u0130svi\u00e7re vatanda\u015flar\u0131 ve \u00fc\u00e7\u00fcnc\u00fc \u00fclke vatanda\u015f\u0131 ve onlar\u0131n aile \u00fcyeleri d\u0131\u015f\u0131nda, Malta'da \u00e7al\u0131\u015fmak isteyen t\u00fcm yabanc\u0131 uyruklular\u0131n \u00e7al\u0131\u015fma iznine ihtiyac\u0131 vard\u0131r.<\/p>\n<p>Bu ba\u011flamda, baz\u0131 \u00fc\u00e7\u00fcnc\u00fc \u00fclke vatanda\u015flar\u0131n\u0131n Malta'da vizesiz kalmalar\u0131na izin verilse de bu izne tabi olmayan \u00fc\u00e7\u00fcnc\u00fc \u00fclke vatanda\u015flar\u0131n\u0131n Malta'ya girmeden \u00f6nce ge\u00e7erli bir vizeye sahip olmalar\u0131 gerekmektedir. Belirli bir s\u00fcre i\u00e7in Vize verilmesi durumunda ise \u00fclkeden \u00fclkeye de\u011fi\u015fen \u015fartlara g\u00f6re belirlenir. \u00d6rne\u011fin: S\u0131rp bireylerin yaln\u0131zca Malta'da 90 g\u00fcnden fazla kalmak istiyorlarsa Vize ba\u015fvurusunda bulunmalar\u0131 gerekir. \u00dc\u00e7\u00fcnc\u00fc \u00fclke vatanda\u015flar\u0131, kendi \u00fclkelerinde ve \u00f6zellikle Malta'y\u0131 temsilen vize veren diplomatik misyon veya konsoloslukta vize ba\u015fvurusunda bulunmal\u0131d\u0131r.<\/p>\n<p>Makalemizde de belirtti\u011fimiz gibi, Malta&#039;da oturma izni alma i\u015flemleri kolay s\u00fcre\u00e7lerden ge\u00e7mektedir. Schengen B\u00f6lgesi stat\u00fcs\u00fcne sahip kal\u0131c\u0131 oturma izni olan bir ki\u015fi, Schengen \u00fclkelerinde serbest dola\u015f\u0131m hakk\u0131na sahiptir ve Schengen \u00fclkelerinde kal\u0131c\u0131 oturma izni al\u0131r. Herhangi bir Schengen \u00fclkesinde e\u011fitim g\u00f6rebilir veya \u00f6\u011frenim g\u00f6rebilir. Ayn\u0131 zamanda, ABD, Kanada ve \u0130ngiltere de dahil olmak \u00fczere bir\u00e7ok \u00fclkeye vizesiz giri\u015f yapabilir. T\u00fcm bunlar g\u00f6z \u00f6n\u00fcne al\u0131nd\u0131\u011f\u0131nda, Malta&#039;n\u0131n yat\u0131r\u0131m ve ya\u015fam ama\u00e7lar\u0131 i\u00e7in g\u00fczel ve avantajl\u0131 bir \u00fclke oldu\u011fu g\u00f6r\u00fclmektedir. T\u00fcm bu s\u00fcre\u00e7ler ve ko\u015fullar makalemizde ayr\u0131nt\u0131l\u0131 olarak ele al\u0131nm\u0131\u015ft\u0131r.<\/p>\n<\/div>","protected":false},"excerpt":{"rendered":"<p>The Malta Global Residency Program is a residency program that is predominantly tax-based and designed to attract investment from third-country citizens. When the applicant is approved under the rules of the Malta Global Residency Program, the applicant will receive a certificate of approval from the Malta Department of Internal Revenue. This certificate gives the applicant&#8230;<\/p>","protected":false},"author":4,"featured_media":4420,"comment_status":"closed","ping_status":"open","sticky":false,"template":"","format":"standard","meta":[],"categories":[68],"tags":[],"yoast_head":"<!-- This site is optimized with the Yoast SEO plugin v16.8 - https:\/\/yoast.com\/wordpress\/plugins\/seo\/ -->\n<title>MALTA GLOBAL RESIDENCY PROGRAM - CANAYDIN Law Firm<\/title>\n<meta name=\"description\" content=\"Canayd\u0131n Law Firm was founded in Istanbul by Lawyer \u015eule Canayd\u0131n, who has been working actively in law profession since 2013. While our office has a boutique nature, it also follows and adapts to the conditions shaped by the changing world order.\" \/>\n<meta name=\"robots\" content=\"index, follow, max-snippet:-1, max-image-preview:large, max-video-preview:-1\" \/>\n<link rel=\"canonical\" href=\"https:\/\/www.canaydin.av.tr\/tr\/malta-global-residency-program\/\" \/>\n<meta property=\"og:locale\" content=\"tr_TR\" \/>\n<meta property=\"og:type\" content=\"article\" \/>\n<meta property=\"og:title\" content=\"MALTA GLOBAL RESIDENCY PROGRAM - CANAYDIN Law Firm\" \/>\n<meta property=\"og:description\" content=\"Canayd\u0131n Law Firm was founded in Istanbul by Lawyer \u015eule Canayd\u0131n, who has been working actively in law profession since 2013. While our office has a boutique nature, it also follows and adapts to the conditions shaped by the changing world order.\" \/>\n<meta property=\"og:url\" content=\"https:\/\/www.canaydin.av.tr\/tr\/malta-global-residency-program\/\" \/>\n<meta property=\"og:site_name\" content=\"CANAYDIN Law Firm\" \/>\n<meta property=\"article:publisher\" content=\"https:\/\/www.facebook.com\/Canayd%c4%b1n-Law-Firm-108564714824327\" \/>\n<meta property=\"article:published_time\" content=\"2022-01-27T14:58:13+00:00\" \/>\n<meta property=\"article:modified_time\" content=\"2023-06-15T07:23:22+00:00\" \/>\n<meta property=\"og:image\" content=\"http:\/\/www.canaydin.av.tr\/wp-content\/uploads\/2022\/01\/6029473.jpg\" \/>\n\t<meta property=\"og:image:width\" content=\"2000\" \/>\n\t<meta property=\"og:image:height\" content=\"2000\" \/>\n<meta name=\"twitter:card\" content=\"summary_large_image\" \/>\n<meta name=\"twitter:label1\" content=\"Yazan:\" \/>\n\t<meta name=\"twitter:data1\" content=\"iman\" \/>\n\t<meta name=\"twitter:label2\" content=\"Tahmini okuma s\u00fcresi\" \/>\n\t<meta name=\"twitter:data2\" content=\"5 dakika\" \/>\n<script type=\"application\/ld+json\" class=\"yoast-schema-graph\">{\"@context\":\"https:\/\/schema.org\",\"@graph\":[{\"@type\":\"Organization\",\"@id\":\"https:\/\/www.canaydin.av.tr\/#organization\",\"name\":\"Canaydin Law Firm\",\"url\":\"https:\/\/www.canaydin.av.tr\/\",\"sameAs\":[\"https:\/\/www.facebook.com\/Canayd\\u0131n-Law-Firm-108564714824327\",\"https:\/\/instagram.com\/canaydinlawfirm\",\"https:\/\/www.linkedin.com\/company\/canaydin-law-firm\/\",\"https:\/\/www.youtube.com\/channel\/UCAioITA_h23oo3pWmEAgMfQ\"],\"logo\":{\"@type\":\"ImageObject\",\"@id\":\"https:\/\/www.canaydin.av.tr\/#logo\",\"inLanguage\":\"tr\",\"url\":\"https:\/\/www.canaydin.av.tr\/wp-content\/uploads\/2021\/07\/Logo-Canaydin.png\",\"contentUrl\":\"https:\/\/www.canaydin.av.tr\/wp-content\/uploads\/2021\/07\/Logo-Canaydin.png\",\"width\":3733,\"height\":1029,\"caption\":\"Canaydin Law Firm\"},\"image\":{\"@id\":\"https:\/\/www.canaydin.av.tr\/#logo\"}},{\"@type\":\"WebSite\",\"@id\":\"https:\/\/www.canaydin.av.tr\/#website\",\"url\":\"https:\/\/www.canaydin.av.tr\/\",\"name\":\"CANAYDIN Law Firm\",\"description\":\"\",\"publisher\":{\"@id\":\"https:\/\/www.canaydin.av.tr\/#organization\"},\"potentialAction\":[{\"@type\":\"SearchAction\",\"target\":{\"@type\":\"EntryPoint\",\"urlTemplate\":\"https:\/\/www.canaydin.av.tr\/?s={search_term_string}\"},\"query-input\":\"required name=search_term_string\"}],\"inLanguage\":\"tr\"},{\"@type\":\"ImageObject\",\"@id\":\"https:\/\/www.canaydin.av.tr\/malta-global-residency-program\/#primaryimage\",\"inLanguage\":\"tr\",\"url\":\"https:\/\/www.canaydin.av.tr\/wp-content\/uploads\/2022\/01\/6029473.jpg\",\"contentUrl\":\"https:\/\/www.canaydin.av.tr\/wp-content\/uploads\/2022\/01\/6029473.jpg\",\"width\":2000,\"height\":2000},{\"@type\":\"WebPage\",\"@id\":\"https:\/\/www.canaydin.av.tr\/malta-global-residency-program\/#webpage\",\"url\":\"https:\/\/www.canaydin.av.tr\/malta-global-residency-program\/\",\"name\":\"MALTA GLOBAL RESIDENCY PROGRAM - CANAYDIN Law Firm\",\"isPartOf\":{\"@id\":\"https:\/\/www.canaydin.av.tr\/#website\"},\"primaryImageOfPage\":{\"@id\":\"https:\/\/www.canaydin.av.tr\/malta-global-residency-program\/#primaryimage\"},\"datePublished\":\"2022-01-27T14:58:13+00:00\",\"dateModified\":\"2023-06-15T07:23:22+00:00\",\"description\":\"Canayd\\u0131n Law Firm was founded in Istanbul by Lawyer \\u015eule Canayd\\u0131n, who has been working actively in law profession since 2013. While our office has a boutique nature, it also follows and adapts to the conditions shaped by the changing world order.\",\"breadcrumb\":{\"@id\":\"https:\/\/www.canaydin.av.tr\/malta-global-residency-program\/#breadcrumb\"},\"inLanguage\":\"tr\",\"potentialAction\":[{\"@type\":\"ReadAction\",\"target\":[\"https:\/\/www.canaydin.av.tr\/malta-global-residency-program\/\"]}]},{\"@type\":\"BreadcrumbList\",\"@id\":\"https:\/\/www.canaydin.av.tr\/malta-global-residency-program\/#breadcrumb\",\"itemListElement\":[{\"@type\":\"ListItem\",\"position\":1,\"name\":\"Anasayfa\",\"item\":\"https:\/\/www.canaydin.av.tr\/\"},{\"@type\":\"ListItem\",\"position\":2,\"name\":\"MALTA GLOBAL RESIDENCY PROGRAM\"}]},{\"@type\":\"Article\",\"@id\":\"https:\/\/www.canaydin.av.tr\/malta-global-residency-program\/#article\",\"isPartOf\":{\"@id\":\"https:\/\/www.canaydin.av.tr\/malta-global-residency-program\/#webpage\"},\"author\":{\"@id\":\"https:\/\/www.canaydin.av.tr\/#\/schema\/person\/cf656ac21526fcec363bf636b260e5b8\"},\"headline\":\"MALTA GLOBAL RESIDENCY PROGRAM\",\"datePublished\":\"2022-01-27T14:58:13+00:00\",\"dateModified\":\"2023-06-15T07:23:22+00:00\",\"mainEntityOfPage\":{\"@id\":\"https:\/\/www.canaydin.av.tr\/malta-global-residency-program\/#webpage\"},\"wordCount\":993,\"publisher\":{\"@id\":\"https:\/\/www.canaydin.av.tr\/#organization\"},\"image\":{\"@id\":\"https:\/\/www.canaydin.av.tr\/malta-global-residency-program\/#primaryimage\"},\"thumbnailUrl\":\"https:\/\/www.canaydin.av.tr\/wp-content\/uploads\/2022\/01\/6029473.jpg\",\"articleSection\":[\"MALTA CITIZENSHIP AND RESIDENCY\"],\"inLanguage\":\"tr\"},{\"@type\":\"Person\",\"@id\":\"https:\/\/www.canaydin.av.tr\/#\/schema\/person\/cf656ac21526fcec363bf636b260e5b8\",\"name\":\"iman\",\"image\":{\"@type\":\"ImageObject\",\"@id\":\"https:\/\/www.canaydin.av.tr\/#personlogo\",\"inLanguage\":\"tr\",\"url\":\"https:\/\/secure.gravatar.com\/avatar\/fdc7de7a4dbc69009ad49a1c2c5765b0?s=96&d=mm&r=g\",\"contentUrl\":\"https:\/\/secure.gravatar.com\/avatar\/fdc7de7a4dbc69009ad49a1c2c5765b0?s=96&d=mm&r=g\",\"caption\":\"iman\"},\"url\":\"https:\/\/www.canaydin.av.tr\/tr\/author\/iman\/\"}]}<\/script>\n<!-- \/ Yoast SEO plugin. -->","yoast_head_json":{"title":"MALTA GLOBAL RESIDENCY PROGRAM - CANAYDIN Law Firm","description":"Canayd\u0131n Law Firm was founded in Istanbul by Lawyer \u015eule Canayd\u0131n, who has been working actively in law profession since 2013. While our office has a boutique nature, it also follows and adapts to the conditions shaped by the changing world order.","robots":{"index":"index","follow":"follow","max-snippet":"max-snippet:-1","max-image-preview":"max-image-preview:large","max-video-preview":"max-video-preview:-1"},"canonical":"https:\/\/www.canaydin.av.tr\/tr\/malta-global-residency-program\/","og_locale":"tr_TR","og_type":"article","og_title":"MALTA GLOBAL RESIDENCY PROGRAM - CANAYDIN Law Firm","og_description":"Canayd\u0131n Law Firm was founded in Istanbul by Lawyer \u015eule Canayd\u0131n, who has been working actively in law profession since 2013. While our office has a boutique nature, it also follows and adapts to the conditions shaped by the changing world order.","og_url":"https:\/\/www.canaydin.av.tr\/tr\/malta-global-residency-program\/","og_site_name":"CANAYDIN Law Firm","article_publisher":"https:\/\/www.facebook.com\/Canayd%c4%b1n-Law-Firm-108564714824327","article_published_time":"2022-01-27T14:58:13+00:00","article_modified_time":"2023-06-15T07:23:22+00:00","og_image":[{"width":2000,"height":2000,"url":"http:\/\/www.canaydin.av.tr\/wp-content\/uploads\/2022\/01\/6029473.jpg","path":"\/home\/u616560269\/domains\/canaydin.av.tr\/public_html\/wp-content\/uploads\/2022\/01\/6029473.jpg","size":"full","id":4420,"alt":"","pixels":4000000,"type":"image\/jpeg"}],"twitter_card":"summary_large_image","twitter_misc":{"Yazan:":"iman","Tahmini okuma s\u00fcresi":"5 dakika"},"schema":{"@context":"https:\/\/schema.org","@graph":[{"@type":"Organization","@id":"https:\/\/www.canaydin.av.tr\/#organization","name":"Canaydin Law Firm","url":"https:\/\/www.canaydin.av.tr\/","sameAs":["https:\/\/www.facebook.com\/Canayd\u0131n-Law-Firm-108564714824327","https:\/\/instagram.com\/canaydinlawfirm","https:\/\/www.linkedin.com\/company\/canaydin-law-firm\/","https:\/\/www.youtube.com\/channel\/UCAioITA_h23oo3pWmEAgMfQ"],"logo":{"@type":"ImageObject","@id":"https:\/\/www.canaydin.av.tr\/#logo","inLanguage":"tr","url":"https:\/\/www.canaydin.av.tr\/wp-content\/uploads\/2021\/07\/Logo-Canaydin.png","contentUrl":"https:\/\/www.canaydin.av.tr\/wp-content\/uploads\/2021\/07\/Logo-Canaydin.png","width":3733,"height":1029,"caption":"Canaydin Law Firm"},"image":{"@id":"https:\/\/www.canaydin.av.tr\/#logo"}},{"@type":"WebSite","@id":"https:\/\/www.canaydin.av.tr\/#website","url":"https:\/\/www.canaydin.av.tr\/","name":"CANAYDIN Law Firm","description":"","publisher":{"@id":"https:\/\/www.canaydin.av.tr\/#organization"},"potentialAction":[{"@type":"SearchAction","target":{"@type":"EntryPoint","urlTemplate":"https:\/\/www.canaydin.av.tr\/?s={search_term_string}"},"query-input":"required name=search_term_string"}],"inLanguage":"tr"},{"@type":"ImageObject","@id":"https:\/\/www.canaydin.av.tr\/malta-global-residency-program\/#primaryimage","inLanguage":"tr","url":"https:\/\/www.canaydin.av.tr\/wp-content\/uploads\/2022\/01\/6029473.jpg","contentUrl":"https:\/\/www.canaydin.av.tr\/wp-content\/uploads\/2022\/01\/6029473.jpg","width":2000,"height":2000},{"@type":"WebPage","@id":"https:\/\/www.canaydin.av.tr\/malta-global-residency-program\/#webpage","url":"https:\/\/www.canaydin.av.tr\/malta-global-residency-program\/","name":"MALTA GLOBAL RESIDENCY PROGRAM - CANAYDIN Law Firm","isPartOf":{"@id":"https:\/\/www.canaydin.av.tr\/#website"},"primaryImageOfPage":{"@id":"https:\/\/www.canaydin.av.tr\/malta-global-residency-program\/#primaryimage"},"datePublished":"2022-01-27T14:58:13+00:00","dateModified":"2023-06-15T07:23:22+00:00","description":"Canayd\u0131n Law Firm was founded in Istanbul by Lawyer \u015eule Canayd\u0131n, who has been working actively in law profession since 2013. While our office has a boutique nature, it also follows and adapts to the conditions shaped by the changing world order.","breadcrumb":{"@id":"https:\/\/www.canaydin.av.tr\/malta-global-residency-program\/#breadcrumb"},"inLanguage":"tr","potentialAction":[{"@type":"ReadAction","target":["https:\/\/www.canaydin.av.tr\/malta-global-residency-program\/"]}]},{"@type":"BreadcrumbList","@id":"https:\/\/www.canaydin.av.tr\/malta-global-residency-program\/#breadcrumb","itemListElement":[{"@type":"ListItem","position":1,"name":"Anasayfa","item":"https:\/\/www.canaydin.av.tr\/"},{"@type":"ListItem","position":2,"name":"MALTA GLOBAL RESIDENCY PROGRAM"}]},{"@type":"Article","@id":"https:\/\/www.canaydin.av.tr\/malta-global-residency-program\/#article","isPartOf":{"@id":"https:\/\/www.canaydin.av.tr\/malta-global-residency-program\/#webpage"},"author":{"@id":"https:\/\/www.canaydin.av.tr\/#\/schema\/person\/cf656ac21526fcec363bf636b260e5b8"},"headline":"MALTA GLOBAL RESIDENCY PROGRAM","datePublished":"2022-01-27T14:58:13+00:00","dateModified":"2023-06-15T07:23:22+00:00","mainEntityOfPage":{"@id":"https:\/\/www.canaydin.av.tr\/malta-global-residency-program\/#webpage"},"wordCount":993,"publisher":{"@id":"https:\/\/www.canaydin.av.tr\/#organization"},"image":{"@id":"https:\/\/www.canaydin.av.tr\/malta-global-residency-program\/#primaryimage"},"thumbnailUrl":"https:\/\/www.canaydin.av.tr\/wp-content\/uploads\/2022\/01\/6029473.jpg","articleSection":["MALTA CITIZENSHIP AND RESIDENCY"],"inLanguage":"tr"},{"@type":"Person","@id":"https:\/\/www.canaydin.av.tr\/#\/schema\/person\/cf656ac21526fcec363bf636b260e5b8","name":"iman","image":{"@type":"ImageObject","@id":"https:\/\/www.canaydin.av.tr\/#personlogo","inLanguage":"tr","url":"https:\/\/secure.gravatar.com\/avatar\/fdc7de7a4dbc69009ad49a1c2c5765b0?s=96&d=mm&r=g","contentUrl":"https:\/\/secure.gravatar.com\/avatar\/fdc7de7a4dbc69009ad49a1c2c5765b0?s=96&d=mm&r=g","caption":"iman"},"url":"https:\/\/www.canaydin.av.tr\/tr\/author\/iman\/"}]}},"_links":{"self":[{"href":"https:\/\/www.canaydin.av.tr\/tr\/wp-json\/wp\/v2\/posts\/4418"}],"collection":[{"href":"https:\/\/www.canaydin.av.tr\/tr\/wp-json\/wp\/v2\/posts"}],"about":[{"href":"https:\/\/www.canaydin.av.tr\/tr\/wp-json\/wp\/v2\/types\/post"}],"author":[{"embeddable":true,"href":"https:\/\/www.canaydin.av.tr\/tr\/wp-json\/wp\/v2\/users\/4"}],"replies":[{"embeddable":true,"href":"https:\/\/www.canaydin.av.tr\/tr\/wp-json\/wp\/v2\/comments?post=4418"}],"version-history":[{"count":2,"href":"https:\/\/www.canaydin.av.tr\/tr\/wp-json\/wp\/v2\/posts\/4418\/revisions"}],"predecessor-version":[{"id":4422,"href":"https:\/\/www.canaydin.av.tr\/tr\/wp-json\/wp\/v2\/posts\/4418\/revisions\/4422"}],"wp:featuredmedia":[{"embeddable":true,"href":"https:\/\/www.canaydin.av.tr\/tr\/wp-json\/wp\/v2\/media\/4420"}],"wp:attachment":[{"href":"https:\/\/www.canaydin.av.tr\/tr\/wp-json\/wp\/v2\/media?parent=4418"}],"wp:term":[{"taxonomy":"category","embeddable":true,"href":"https:\/\/www.canaydin.av.tr\/tr\/wp-json\/wp\/v2\/categories?post=4418"},{"taxonomy":"post_tag","embeddable":true,"href":"https:\/\/www.canaydin.av.tr\/tr\/wp-json\/wp\/v2\/tags?post=4418"}],"curies":[{"name":"wp","href":"https:\/\/api.w.org\/{rel}","templated":true}]}}